{"id":98,"date":"2021-12-27T13:32:37","date_gmt":"2021-12-27T13:32:37","guid":{"rendered":"https:\/\/www.elifkartal.com\/?p=98"},"modified":"2021-12-27T14:03:26","modified_gmt":"2021-12-27T14:03:26","slug":"bilisim-yildizlari-proje-yarismasi-odulleri","status":"publish","type":"post","link":"https:\/\/www.elifkartal.com\/index.php\/2021\/12\/27\/bilisim-yildizlari-proje-yarismasi-odulleri\/","title":{"rendered":"Bili\u015fim Y\u0131ld\u0131zlar\u0131 Proje Yar\u0131\u015fmas\u0131 \u00d6d\u00fclleri"},"content":{"rendered":"\n<p>TBD \u0130stanbul \u015eubesi taraf\u0131ndan bu y\u0131l dokuzuncusu&nbsp;d\u00fczenlenen&nbsp;ve birbirinden de\u011ferli projelerin yar\u0131\u015ft\u0131\u011f\u0131 Bili\u015fim Y\u0131ld\u0131zlar\u0131 Yerli ve Milli\/\u00d6zg\u00fcn Projeler Yar\u0131\u015fmas\u0131 9 Aral\u0131k Per\u015fembe gecesi Dalyan Club&#8217;da d\u00fczenlenen co\u015fkulu bir t\u00f6renle sahiplerini buldu. \u00d6zel Sekt\u00f6r, Yerel Y\u00f6netimler ve \u00dcniversiteler kategorilerinde T\u00fcrkiye\u2019nin&nbsp;en iyilerinin \u00f6d\u00fcllendirildi\u011fi gecede d\u00f6rt ba\u015far\u0131l\u0131 projeye de mansiyon \u00f6d\u00fcl\u00fc verildi.<\/p>\n\n\n\n<p>\u00dclkemizde bili\u015fim alan\u0131ndaki yenilik ve geli\u015fmeleri yak\u0131ndan takip eden ve bili\u015fim k\u00fclt\u00fcr\u00fcn\u00fcn yay\u0131lmas\u0131nda \u00f6nc\u00fcl\u00fck eden T\u00fcrkiye Bili\u015fim Derne\u011fi (TBD) 50. Y\u0131l Etkinlikleri kapsam\u0131nda TBD \u0130stanbul \u015eube taraf\u0131nda 2009 y\u0131l\u0131ndan bu yana d\u00fczenlenen ve sekt\u00f6r\u00fcn en prstijli yar\u0131\u015fmalar\u0131ndan olan Bili\u015fim Y\u0131ld\u0131zlar\u0131 bu y\u0131l \u201cYerli ve Milli \/ \u00d6zg\u00fcn Proje Yar\u0131\u015fmas\u0131\u201d temas\u0131yla d\u00fczenlemi\u015ftir.<\/p>\n\n\n\n<p>Yar\u0131\u015fman\u0131n amac\u0131; bili\u015fim alan\u0131nda yerli ve milli \/ \u00f6zg\u00fcn proje fikrine sahip \u00f6zel sekt\u00f6r firmalar\u0131, \u00fcniversite, teknopark, teknokent \u015firketleri, Yerel Y\u00f6netimler ve&nbsp;STK\u2019lar\u0131n ger\u00e7ekle\u015ftirmi\u015f olduklar\u0131 \u00f6rnek te\u015fkil edecek uygulamalar\u0131 ortaya \u00e7\u0131kararak geni\u015f kitlelere tan\u0131tmakt\u0131r. B\u00f6ylelikle, bili\u015fim sekt\u00f6r\u00fcnde daha \u00e7ok yerli ve milli \/ \u00f6zg\u00fcn proje fikirlerinin \u00fcretilmesini, ger\u00e7ekle\u015ftirilmesini ve kullan\u0131m\u0131n\u0131 \u00f6zendirmek ama\u00e7lanm\u0131\u015ft\u0131r.<\/p>\n\n\n\n<p>B\u00f6yle bir etkinli\u011fin d\u00fczenleme ekibinde yer almaktan b\u00fcy\u00fck bir keyif duydum. Yar\u0131\u015fma ile ilgili t\u00fcm detaylara yar\u0131\u015fman\u0131n <a href=\"https:\/\/bilisimyildizlari.org.tr\/2021\/\" target=\"_blank\" rel=\"noreferrer noopener\">resmi web sitesi<\/a>nden ula\u015fabilirsiniz.<\/p>\n","protected":false},"excerpt":{"rendered":"<p>TBD \u0130stanbul \u015eubesi taraf\u0131ndan bu y\u0131l dokuzuncusu&nbsp;d\u00fczenlenen&nbsp;ve birbirinden de\u011ferli projelerin yar\u0131\u015ft\u0131\u011f\u0131 Bili\u015fim Y\u0131ld\u0131zlar\u0131 Yerli ve Milli\/\u00d6zg\u00fcn Projeler Yar\u0131\u015fmas\u0131 9 Aral\u0131k Per\u015fembe gecesi Dalyan Club&#8217;da d\u00fczenlenen co\u015fkulu bir t\u00f6renle sahiplerini buldu. \u00d6zel Sekt\u00f6r, Yerel Y\u00f6netimler ve \u00dcniversiteler kategorilerinde T\u00fcrkiye\u2019nin&nbsp;en iyilerinin \u00f6d\u00fcllendirildi\u011fi gecede d\u00f6rt ba\u015far\u0131l\u0131 projeye de mansiyon \u00f6d\u00fcl\u00fc verildi. \u00dclkemizde bili\u015fim alan\u0131ndaki yenilik ve geli\u015fmeleri yak\u0131ndan [&hellip;]<\/p>\n","protected":false},"author":1,"featured_media":104,"comment_status":"closed","ping_status":"closed","sticky":false,"template":"","format":"standard","meta":{"footnotes":""},"categories":[9],"tags":[84,80,81,82,83,79],"class_list":["post-98","post","type-post","status-publish","format-standard","hentry","category-gittim-gezdim-gordum","tag-bilisim-yildizlari","tag-milli","tag-ozgun","tag-proje","tag-yarisma","tag-yerli"],"_links":{"self":[{"href":"https:\/\/www.elifkartal.com\/index.php\/wp-json\/wp\/v2\/posts\/98","targetHints":{"allow":["GET"]}}],"collection":[{"href":"https:\/\/www.elifkartal.com\/index.php\/wp-json\/wp\/v2\/posts"}],"about":[{"href":"https:\/\/www.elifkartal.com\/index.php\/wp-json\/wp\/v2\/types\/post"}],"author":[{"embeddable":true,"href":"https:\/\/www.elifkartal.com\/index.php\/wp-json\/wp\/v2\/users\/1"}],"replies":[{"embeddable":true,"href":"https:\/\/www.elifkartal.com\/index.php\/wp-json\/wp\/v2\/comments?post=98"}],"version-history":[{"count":3,"href":"https:\/\/www.elifkartal.com\/index.php\/wp-json\/wp\/v2\/posts\/98\/revisions"}],"predecessor-version":[{"id":105,"href":"https:\/\/www.elifkartal.com\/index.php\/wp-json\/wp\/v2\/posts\/98\/revisions\/105"}],"wp:featuredmedia":[{"embeddable":true,"href":"https:\/\/www.elifkartal.com\/index.php\/wp-json\/wp\/v2\/media\/104"}],"wp:attachment":[{"href":"https:\/\/www.elifkartal.com\/index.php\/wp-json\/wp\/v2\/media?parent=98"}],"wp:term":[{"taxonomy":"category","embeddable":true,"href":"https:\/\/www.elifkartal.com\/index.php\/wp-json\/wp\/v2\/categories?post=98"},{"taxonomy":"post_tag","embeddable":true,"href":"https:\/\/www.elifkartal.com\/index.php\/wp-json\/wp\/v2\/tags?post=98"}],"curies":[{"name":"wp","href":"https:\/\/api.w.org\/{rel}","templated":true}]}}