{"id":74,"date":"2021-10-20T11:14:00","date_gmt":"2021-10-20T11:14:00","guid":{"rendered":"https:\/\/www.elifkartal.com\/?p=74"},"modified":"2021-12-27T11:16:53","modified_gmt":"2021-12-27T11:16:53","slug":"aklini-yitiren-sinirbilimci-deliligimin-ve-iyilesmemin-hikayesi","status":"publish","type":"post","link":"https:\/\/www.elifkartal.com\/index.php\/2021\/10\/20\/aklini-yitiren-sinirbilimci-deliligimin-ve-iyilesmemin-hikayesi\/","title":{"rendered":"Akl\u0131n\u0131 Yitiren Sinirbilimci Delili\u011fimin ve \u0130yile\u015fmemin Hikayesi"},"content":{"rendered":"\n<p>Barbara K. Lipska \u201cAkl\u0131n\u0131 Yitiren Sinirbilimci Delili\u011fimin ve \u0130yile\u015fmemin Hikayesi\u201d kitab\u0131nda cilt kanserinin beynine s\u0131\u00e7ramas\u0131 ile ba\u015flayan ve zamanla beynin yap\u0131 ve i\u015fleyi\u015finde ciddi sorunlar ya\u015fatan bir dizi t\u00fcm\u00f6r\u00fcn ailesinin ve \u00f6zellikle de kendi hayat\u0131n\u0131 nas\u0131l etkiledi\u011finin hikayesini anlat\u0131yor. Hastal\u0131\u011f\u0131n bedenine ve davran\u0131\u015flar\u0131na olan t\u00fcm yans\u0131malar\u0131n\u0131 tek tek okuman\u0131z gerekli. Olaylar da sa\u011f elinin g\u00f6r\u00fcnt\u00fc alan\u0131ndan kaybolmas\u0131yla ba\u015fl\u0131yor. Asl\u0131nda sadece t\u00fcm\u00f6rlerin varl\u0131\u011f\u0131na de\u011fil bu t\u00fcm\u00f6rlerin kaybolmas\u0131 i\u00e7in maruz kald\u0131\u011f\u0131 t\u00fcm tedavilere de dayan\u0131lmas\u0131 olduk\u00e7a g\u00fc\u00e7 ancak kendisi size ne kadar gayretli oldu\u011funu (ve bence hayatta \u00e7o\u011fu zaman \u00f6nemsiz \u015feylere \u00e7ok\u00e7a \u00f6nem verdi\u011fimizi) g\u00f6steriyor. Neyse ki uygulanan tedaviler (her ne kadar baz\u0131 kal\u0131c\u0131 hasarlara yol a\u00e7\u0131p, kanserin tekrarlama garantisi olmasa da) hayatta kalmas\u0131n\u0131 sa\u011fl\u0131yor.<\/p>\n\n\n\n<p>Bir sinirbilimci olarak s\u00fcre\u00e7te ya\u015fad\u0131klar\u0131n\u0131 anlat\u0131yor kitab\u0131nda. Arada baz\u0131 hat\u0131rlayamad\u0131\u011f\u0131 bo\u015fluklar\u0131 ise o d\u00f6nem \u00e7evresinde olan aile bireylerine sorarak tamaml\u0131yor. Y\u0131llar\u0131n\u0131 beyinle ilgili \u00e7al\u0131\u015fmalara adam\u0131\u015f bir biliminsan\u0131 olarak ne yaz\u0131k ki ba\u015f\u0131na gelen bu durum kar\u015f\u0131s\u0131nda yap\u0131lan tetkiklerin nelerle sonu\u00e7lananilece\u011fini de biliyor. Bu nedenle, baz\u0131 durumlarda sahiden \u201ccehalet mutluluktur\u201d denebilir \ud83d\ude1e<\/p>\n\n\n\n<p>\u201cBizler beyinlerimiziz !\u201d diyor \ud83e\udde0 Bizi biz yapan personam\u0131z. Sadece beynimizin belirli bir b\u00f6l\u00fcm\u00fcne yerle\u015fik bir kodda gizli de\u011filiz, t\u00fcm o sinir h\u00fccreleri, ba\u011flant\u0131lar, aradaki bo\u015fluklar, bir b\u00fct\u00fcn halinde yani. \u0130\u015fte bir yandan beynin birebir yapay\u0131n\u0131 \u00fcretmek ya da makinelere aktarmak d\u00fc\u015f\u00fcncesi bana Leonardo de Vinci\u2019nin kanat \u00e7\u0131rpan u\u00e7ak modelini an\u0131msat\u0131p, bir o kadar da uzak geliyor. Di\u011fer yandan ise beynin bu gizemi ve makine \u00f6\u011frenmesi \u00e7al\u0131\u015fmalar\u0131na verdi\u011fi ilham beni bu konuda daha fazla ara\u015ft\u0131rma yapmaya te\u015fvik ediyor.<\/p>\n\n\n\n<p>Kitap olduk\u00e7a s\u00fcr\u00fckleyici. Kitab\u0131 hen\u00fcz okumayanlar i\u00e7in Barbara K. Lipska\u2019n\u0131n New York Times\u2019ta bu konuda yay\u0131nlanan <a href=\"https:\/\/www.nytimes.com\/2016\/03\/13\/opinion\/sunday\/the-neuroscientist-who-lost-her-mind.html\" target=\"_blank\" rel=\"noreferrer noopener\">yaz\u0131s\u0131<\/a>n\u0131 payla\u015f\u0131yorum.<\/p>\n\n\n\n<p>Herkese keyifli okumalar.<\/p>\n","protected":false},"excerpt":{"rendered":"<p>Barbara K. Lipska \u201cAkl\u0131n\u0131 Yitiren Sinirbilimci Delili\u011fimin ve \u0130yile\u015fmemin Hikayesi\u201d kitab\u0131nda cilt kanserinin beynine s\u0131\u00e7ramas\u0131 ile ba\u015flayan ve zamanla beynin yap\u0131 ve i\u015fleyi\u015finde ciddi sorunlar ya\u015fatan bir dizi t\u00fcm\u00f6r\u00fcn ailesinin ve \u00f6zellikle de kendi hayat\u0131n\u0131 nas\u0131l etkiledi\u011finin hikayesini anlat\u0131yor. Hastal\u0131\u011f\u0131n bedenine ve davran\u0131\u015flar\u0131na olan t\u00fcm yans\u0131malar\u0131n\u0131 tek tek okuman\u0131z gerekli. Olaylar da sa\u011f elinin g\u00f6r\u00fcnt\u00fc [&hellip;]<\/p>\n","protected":false},"author":1,"featured_media":0,"comment_status":"closed","ping_status":"closed","sticky":false,"template":"","format":"standard","meta":{"footnotes":""},"categories":[1],"tags":[66,68,56],"class_list":["post-74","post","type-post","status-publish","format-standard","hentry","category-kitaponerileri","tag-kliniyitirensinirbilimci","tag-neuroscientist","tag-sinirbilim"],"_links":{"self":[{"href":"https:\/\/www.elifkartal.com\/index.php\/wp-json\/wp\/v2\/posts\/74","targetHints":{"allow":["GET"]}}],"collection":[{"href":"https:\/\/www.elifkartal.com\/index.php\/wp-json\/wp\/v2\/posts"}],"about":[{"href":"https:\/\/www.elifkartal.com\/index.php\/wp-json\/wp\/v2\/types\/post"}],"author":[{"embeddable":true,"href":"https:\/\/www.elifkartal.com\/index.php\/wp-json\/wp\/v2\/users\/1"}],"replies":[{"embeddable":true,"href":"https:\/\/www.elifkartal.com\/index.php\/wp-json\/wp\/v2\/comments?post=74"}],"version-history":[{"count":1,"href":"https:\/\/www.elifkartal.com\/index.php\/wp-json\/wp\/v2\/posts\/74\/revisions"}],"predecessor-version":[{"id":75,"href":"https:\/\/www.elifkartal.com\/index.php\/wp-json\/wp\/v2\/posts\/74\/revisions\/75"}],"wp:attachment":[{"href":"https:\/\/www.elifkartal.com\/index.php\/wp-json\/wp\/v2\/media?parent=74"}],"wp:term":[{"taxonomy":"category","embeddable":true,"href":"https:\/\/www.elifkartal.com\/index.php\/wp-json\/wp\/v2\/categories?post=74"},{"taxonomy":"post_tag","embeddable":true,"href":"https:\/\/www.elifkartal.com\/index.php\/wp-json\/wp\/v2\/tags?post=74"}],"curies":[{"name":"wp","href":"https:\/\/api.w.org\/{rel}","templated":true}]}}