{"id":62,"date":"2020-07-28T10:57:00","date_gmt":"2020-07-28T10:57:00","guid":{"rendered":"https:\/\/www.elifkartal.com\/?p=62"},"modified":"2021-12-27T11:02:24","modified_gmt":"2021-12-27T11:02:24","slug":"yeni-makale-kuresel-covid-19-salgininin-dunyada-ve-turkiyede-degisen-durumu-ve-kumeleme-analizi","status":"publish","type":"post","link":"https:\/\/www.elifkartal.com\/index.php\/2020\/07\/28\/yeni-makale-kuresel-covid-19-salgininin-dunyada-ve-turkiyede-degisen-durumu-ve-kumeleme-analizi\/","title":{"rendered":"Yeni Makale: K\u00fcresel COVID-19 Salg\u0131n\u0131n\u0131n D\u00fcnyada ve T\u00fcrkiye\u2019de De\u011fi\u015fen Durumu ve K\u00fcmeleme Analizi"},"content":{"rendered":"\n<p>Prof. Dr. M. Erdal Balaban hocam\u0131n \u00f6nc\u00fcl\u00fc\u011f\u00fcnde g\u00fcnceli olaylar\u0131 takip ediyor, kendi alan\u0131m\u0131zla ili\u015fkilendirerek literat\u00fcre nas\u0131l katk\u0131 sa\u011flayabilir diye \u00e7al\u0131\u015fmalar\u0131m\u0131z\u0131 s\u00fcrd\u00fcrmeye devam ediyoruz. \u0130\u015fte \u201c<strong>K\u00fcresel COVID-19 Salg\u0131n\u0131n\u0131n D\u00fcnyada ve T\u00fcrkiye\u2019de De\u011fi\u015fen Durumu ve K\u00fcmeleme Analizi<\/strong>\u201d \u00e7al\u0131\u015fmam\u0131z da bunlardan biri oldu. Mart ay\u0131nda University of Miami\u2019denCOVID-19 salg\u0131n\u0131 nedeniyle erken d\u00f6n\u00fc\u015f\u00fcmden sonra karantina g\u00fcnlerimden itibaren \u00fczerinde \u00e7al\u0131\u015fmaya ba\u015flad\u0131\u011f\u0131m\u0131z ara\u015ft\u0131rmam\u0131z \u201c<strong>\u0130stanbul T\u0131p Fak\u00fcltesi Dergisi<\/strong>\u201cnde yay\u0131nlanmaya hak kazand\u0131. \u0130steyenler&nbsp;<a rel=\"noreferrer noopener\" href=\"https:\/\/jmed.istanbul.edu.tr\/tr\/yazi\/10-26650-iuitfd-2020-0077-660068005F004C00480073004B0034007200740067003100\" target=\"_blank\"><strong>erken g\u00f6r\u00fcn\u00fcm<\/strong><\/a>deki versiyona ula\u015fabilirler. Ayr\u0131ca \u00e7al\u0131\u015fman\u0131n t\u0131p bilimi a\u00e7\u0131s\u0131ndan incelemesini \u0130stanbul \u00dcniversitesi T\u0131p Fak\u00fcltesi\u2019nden Prof. Dr. B\u00fclent Bayraktar Hocam\u0131z yaparak, \u00e7al\u0131\u015fmam\u0131za bir t\u0131p\u00e7\u0131 g\u00f6z\u00fcyle katk\u0131 sa\u011flam\u0131\u015f bulunmaktad\u0131r.<\/p>\n\n\n\n<p>\u00c7al\u0131\u015fma \u00f6z\u00fcnde \u00e7ok y\u00f6nl\u00fc (kullan\u0131c\u0131ya farkl\u0131 de\u011ferlendirme se\u00e7enekleri sunan) dinamik bir&nbsp;<a rel=\"noreferrer noopener\" href=\"https:\/\/elifkartal.shinyapps.io\/covid19\/\" target=\"_blank\"><strong>R-Shiny uygulamas\u0131<\/strong><\/a>n\u0131n geli\u015ftirilmesi \u00fczerinedir. D\u00fcnya, k\u0131talar ve \u00fclkeler baz\u0131nda temel tan\u0131mlay\u0131c\u0131 istatistiklerin verilmesinin yan\u0131 s\u0131ra \u00e7al\u0131\u015fmay\u0131 \u00f6zel k\u0131lan \u00f6zelliklerden biri \u00fclkelerin hesaplanan yeni de\u011fi\u015fkenlerin kullan\u0131larak k\u00fcmeleme analizi ile grupland\u0131r\u0131lmas\u0131, ortaya \u00e7\u0131kan gruplardaki \u00fclkelerin de k\u00fcme merkezine g\u00f6re s\u0131ralanmas\u0131d\u0131r.<\/p>\n\n\n\n<p>Bu yeni makalemizin faydal\u0131 olmas\u0131n\u0131 dileriz. Sa\u011fl\u0131kl\u0131 g\u00fcnlere\u2026<\/p>\n","protected":false},"excerpt":{"rendered":"<p>Prof. Dr. M. Erdal Balaban hocam\u0131n \u00f6nc\u00fcl\u00fc\u011f\u00fcnde g\u00fcnceli olaylar\u0131 takip ediyor, kendi alan\u0131m\u0131zla ili\u015fkilendirerek literat\u00fcre nas\u0131l katk\u0131 sa\u011flayabilir diye \u00e7al\u0131\u015fmalar\u0131m\u0131z\u0131 s\u00fcrd\u00fcrmeye devam ediyoruz. \u0130\u015fte \u201cK\u00fcresel COVID-19 Salg\u0131n\u0131n\u0131n D\u00fcnyada ve T\u00fcrkiye\u2019de De\u011fi\u015fen Durumu ve K\u00fcmeleme Analizi\u201d \u00e7al\u0131\u015fmam\u0131z da bunlardan biri oldu. Mart ay\u0131nda University of Miami\u2019denCOVID-19 salg\u0131n\u0131 nedeniyle erken d\u00f6n\u00fc\u015f\u00fcmden sonra karantina g\u00fcnlerimden itibaren \u00fczerinde \u00e7al\u0131\u015fmaya [&hellip;]<\/p>\n","protected":false},"author":1,"featured_media":0,"comment_status":"closed","ping_status":"closed","sticky":false,"template":"","format":"standard","meta":{"footnotes":""},"categories":[5],"tags":[47,46,44,43,27,45,48],"class_list":["post-62","post","type-post","status-publish","format-standard","hentry","category-akademik-faaliyetler","tag-clustering","tag-covid","tag-data-mining","tag-descriptive-statistics","tag-kumeleme","tag-shiny","tag-shinyapps-io"],"_links":{"self":[{"href":"https:\/\/www.elifkartal.com\/index.php\/wp-json\/wp\/v2\/posts\/62","targetHints":{"allow":["GET"]}}],"collection":[{"href":"https:\/\/www.elifkartal.com\/index.php\/wp-json\/wp\/v2\/posts"}],"about":[{"href":"https:\/\/www.elifkartal.com\/index.php\/wp-json\/wp\/v2\/types\/post"}],"author":[{"embeddable":true,"href":"https:\/\/www.elifkartal.com\/index.php\/wp-json\/wp\/v2\/users\/1"}],"replies":[{"embeddable":true,"href":"https:\/\/www.elifkartal.com\/index.php\/wp-json\/wp\/v2\/comments?post=62"}],"version-history":[{"count":1,"href":"https:\/\/www.elifkartal.com\/index.php\/wp-json\/wp\/v2\/posts\/62\/revisions"}],"predecessor-version":[{"id":63,"href":"https:\/\/www.elifkartal.com\/index.php\/wp-json\/wp\/v2\/posts\/62\/revisions\/63"}],"wp:attachment":[{"href":"https:\/\/www.elifkartal.com\/index.php\/wp-json\/wp\/v2\/media?parent=62"}],"wp:term":[{"taxonomy":"category","embeddable":true,"href":"https:\/\/www.elifkartal.com\/index.php\/wp-json\/wp\/v2\/categories?post=62"},{"taxonomy":"post_tag","embeddable":true,"href":"https:\/\/www.elifkartal.com\/index.php\/wp-json\/wp\/v2\/tags?post=62"}],"curies":[{"name":"wp","href":"https:\/\/api.w.org\/{rel}","templated":true}]}}