{"id":44,"date":"2018-05-25T10:34:00","date_gmt":"2018-05-25T10:34:00","guid":{"rendered":"https:\/\/www.elifkartal.com\/?p=44"},"modified":"2021-12-27T10:37:33","modified_gmt":"2021-12-27T10:37:33","slug":"bu-yaz-yine-tuructayiz-iii-disiplinlerarasi-uygulamali-veri-madenciligi-calistayi","status":"publish","type":"post","link":"https:\/\/www.elifkartal.com\/index.php\/2018\/05\/25\/bu-yaz-yine-tuructayiz-iii-disiplinlerarasi-uygulamali-veri-madenciligi-calistayi\/","title":{"rendered":"Bu yaz yine Turu\u00e7tay\u0131z: III. Disiplinleraras\u0131 Uygulamal\u0131 Veri Madencili\u011fi \u00c7al\u0131\u015ftay\u0131"},"content":{"rendered":"\n<p><strong>6-12 A\u011fustos 2018, Mu\u011fla, Turun\u00e7<\/strong><\/p>\n\n\n\n<p>III. Disiplinleraras\u0131 Uygulamal\u0131 Veri Madencili\u011fi \u00c7al\u0131\u015ftay\u0131 2018; <a href=\"http:\/\/www.tbd.org.tr\/veri-madenciligi-calisma-grubu\/\" target=\"_blank\" rel=\"noreferrer noopener\">T\u00fcrkiye Bili\u015fim Derne\u011fi Veri Madencili\u011fi \u00c7al\u0131\u015fma Grubu<\/a>, <a href=\"http:\/\/informatics.istanbul.edu.tr\/\" target=\"_blank\" rel=\"noreferrer noopener\">\u0130stanbul \u00dcniversitesi Enformatik B\u00f6l\u00fcm\u00fc<\/a> ve <a href=\"http:\/\/www.tovak.org\/\" target=\"_blank\" rel=\"noreferrer noopener\">T\u00fcrkiye Toplum Hizmetleri Vakf\u0131 (TOVAK)<\/a> i\u015fbirli\u011fi ile <a href=\"http:\/\/www.akademimarmaris.net\/tr\/\" rel=\"noreferrer noopener\" target=\"_blank\">TOVAK Uluslararas\u0131 Marmaris Akademisi<\/a>\u2018nde ger\u00e7ekle\u015ftirilecektir.<\/p>\n\n\n\n<p>\u00c7al\u0131\u015ftayda; R programlama, g\u00f6rsel veri madencili\u011fi, s\u0131n\u0131fland\u0131rma, k\u00fcmeleme ve birliktelik analizlerine ili\u015fkin teknikler ve sekt\u00f6rel uygulamalara yer verilecektir. \u00c7al\u0131\u015ftay program\u0131 ve e\u011fitmenlerimiz \u00e7al\u0131\u015ftay web sayfas\u0131nda ilan edilmi\u015ftir.<\/p>\n\n\n\n<p>\u00c7al\u0131\u015ftaya kay\u0131tlar devam etmektedir. \u00d6n kay\u0131t formunu doldurulduktan sonra <strong>\u00e7al\u0131\u015ftay kayd\u0131n\u0131n\u00a0kesinle\u015fmesi<\/strong>, \u00e7al\u0131\u015ftay \u00fccretinin\u00a0\u00f6dendi\u011fini g\u00f6steren dekontun vmyazokulu@gmail.com\u00a0adresine g\u00f6nderilmesiyle ger\u00e7ekle\u015fecektir. 6 A\u011fustos Pazartesi (Giri\u015f) \u2013 12 A\u011fustos Pazar (\u00c7\u0131k\u0131\u015f)\u00a0tarihleri aras\u0131nda 6 gece 7 g\u00fcn yap\u0131lacak \u00e7al\u0131\u015ftay \u00fccreti,<\/p>\n\n\n\n<ul class=\"wp-block-list\"><li>odalarda ki\u015fi ba\u015f\u0131na kal\u0131\u015f,<\/li><li>kahvalt\u0131, \u00f6\u011flen yeme\u011fi ve ak\u015fam yeme\u011fi,<\/li><li>hafta sonu (cumartesi g\u00fcn\u00fc) tekne gezisi,<\/li><li>gala (barbek\u00fc) gecesi (Cumartesi ak\u015fam\u0131)<\/li><\/ul>\n\n\n\n<p>olmak \u00fczere toplam \u00fccret <strong>1500TL<\/strong>\u2018dir.<\/p>\n\n\n\n<p>\u00c7al\u0131\u015ftay ile ilgili daha fazla bilgi edinebilmek i\u00e7in l\u00fctfen <a href=\"http:\/\/www.tovak.org\/verimadenciligi\/\" rel=\"noreferrer noopener\" target=\"_blank\">http:\/\/www.tovak.org\/verimadenciligi\/<\/a> adresini ziyaret ediniz.<\/p>\n\n\n\n<p>\u00c7al\u0131\u015ftay ile ilgili sorular\u0131n\u0131z\u0131 <strong>vmyazokulu (at) gmail (nokta) com<\/strong> adresine iletebilirsiniz.<\/p>\n","protected":false},"excerpt":{"rendered":"<p>6-12 A\u011fustos 2018, Mu\u011fla, Turun\u00e7 III. Disiplinleraras\u0131 Uygulamal\u0131 Veri Madencili\u011fi \u00c7al\u0131\u015ftay\u0131 2018; T\u00fcrkiye Bili\u015fim Derne\u011fi Veri Madencili\u011fi \u00c7al\u0131\u015fma Grubu, \u0130stanbul \u00dcniversitesi Enformatik B\u00f6l\u00fcm\u00fc ve T\u00fcrkiye Toplum Hizmetleri Vakf\u0131 (TOVAK) i\u015fbirli\u011fi ile TOVAK Uluslararas\u0131 Marmaris Akademisi\u2018nde ger\u00e7ekle\u015ftirilecektir. \u00c7al\u0131\u015ftayda; R programlama, g\u00f6rsel veri madencili\u011fi, s\u0131n\u0131fland\u0131rma, k\u00fcmeleme ve birliktelik analizlerine ili\u015fkin teknikler ve sekt\u00f6rel uygulamalara yer verilecektir. \u00c7al\u0131\u015ftay [&hellip;]<\/p>\n","protected":false},"author":1,"featured_media":0,"comment_status":"closed","ping_status":"closed","sticky":false,"template":"","format":"standard","meta":{"footnotes":""},"categories":[5,7,6],"tags":[24,25,28,30,29,32,33],"class_list":["post-44","post","type-post","status-publish","format-standard","hentry","category-akademik-faaliyetler","category-makine-ogrenmesi","category-r","tag-calistay","tag-danismanli-ogrenme","tag-danismansiz-ogrenme","tag-r","tag-rstudio","tag-siniflandirma","tag-veri-madenciligi"],"_links":{"self":[{"href":"https:\/\/www.elifkartal.com\/index.php\/wp-json\/wp\/v2\/posts\/44","targetHints":{"allow":["GET"]}}],"collection":[{"href":"https:\/\/www.elifkartal.com\/index.php\/wp-json\/wp\/v2\/posts"}],"about":[{"href":"https:\/\/www.elifkartal.com\/index.php\/wp-json\/wp\/v2\/types\/post"}],"author":[{"embeddable":true,"href":"https:\/\/www.elifkartal.com\/index.php\/wp-json\/wp\/v2\/users\/1"}],"replies":[{"embeddable":true,"href":"https:\/\/www.elifkartal.com\/index.php\/wp-json\/wp\/v2\/comments?post=44"}],"version-history":[{"count":1,"href":"https:\/\/www.elifkartal.com\/index.php\/wp-json\/wp\/v2\/posts\/44\/revisions"}],"predecessor-version":[{"id":45,"href":"https:\/\/www.elifkartal.com\/index.php\/wp-json\/wp\/v2\/posts\/44\/revisions\/45"}],"wp:attachment":[{"href":"https:\/\/www.elifkartal.com\/index.php\/wp-json\/wp\/v2\/media?parent=44"}],"wp:term":[{"taxonomy":"category","embeddable":true,"href":"https:\/\/www.elifkartal.com\/index.php\/wp-json\/wp\/v2\/categories?post=44"},{"taxonomy":"post_tag","embeddable":true,"href":"https:\/\/www.elifkartal.com\/index.php\/wp-json\/wp\/v2\/tags?post=44"}],"curies":[{"name":"wp","href":"https:\/\/api.w.org\/{rel}","templated":true}]}}