{"id":40,"date":"2019-06-11T10:17:00","date_gmt":"2019-06-11T10:17:00","guid":{"rendered":"https:\/\/www.elifkartal.com\/?p=40"},"modified":"2021-12-27T10:23:41","modified_gmt":"2021-12-27T10:23:41","slug":"iv-disiplinlerarasi-uygulamali-veri-madenciligi-calistayina-davetlisiniz","status":"publish","type":"post","link":"https:\/\/www.elifkartal.com\/index.php\/2019\/06\/11\/iv-disiplinlerarasi-uygulamali-veri-madenciligi-calistayina-davetlisiniz\/","title":{"rendered":"IV. Disiplinleraras\u0131 Uygulamal\u0131 Veri Madencili\u011fi \u00c7al\u0131\u015ftay\u0131\u2019na Davetlisiniz!"},"content":{"rendered":"\n<p><strong>25 A\u011fustos \u2013 1 Eyl\u00fcl 2019, Turun\u00e7, Mu\u011fla<br><\/strong><a href=\"https:\/\/verimadenciligi.tovak.org\/\" target=\"_blank\" rel=\"noreferrer noopener\">https:\/\/verimadenciligi.tovak.org\/<\/a><strong><\/strong><\/p>\n\n\n\n<p>G\u00fcn\u00fcm\u00fczde yaln\u0131zca bilginin toplanmas\u0131, depolanmas\u0131 ve klasik sorgu y\u00f6ntemleri ile bu ilgilere ula\u015f\u0131lmas\u0131 yetmemektedir. Kamu ve \u00f6zel sekt\u00f6rde yer alan organizasyonlar\u0131n ellerinde bulunan b\u00fcy\u00fck veriden (big data) ileriye d\u00f6n\u00fck tahminlerde bulunmas\u0131, \u00e7\u0131kar\u0131m yapmay\u0131 sa\u011flayacak gizli \u00f6r\u00fcnt\u00fcleri elde edebilmesi \u00f6nem ta\u015f\u0131maktad\u0131r. Veri madencili\u011fi fazla miktardaki veri aras\u0131ndan i\u015fe yarar bilginin \u00e7\u0131kar\u0131labilmesi i\u00e7in \u00e7e\u015fitli y\u00f6ntem ve teknikler sunmaktad\u0131r. Veri madencili\u011fi uygulamalar\u0131 ise kamu ve \u00f6zel sekt\u00f6rde g\u00fcnden g\u00fcne yayg\u0131nla\u015fmaktad\u0131r.<\/p>\n\n\n\n<p><strong>IV. Disiplinleraras\u0131 Uygulamal\u0131 Veri Madencili\u011fi \u00c7al\u0131\u015ftay\u0131 2019<\/strong>; veri madencili\u011fi ve R programlama dili ile ilgili temel bilgileri vermeyi, verinin analizlere haz\u0131rlanma s\u00fcrecini, \u00f6zellikle s\u0131n\u0131fland\u0131rma ve k\u00fcmeleme konusunda s\u0131k\u00e7a kullan\u0131lan teknikleri, yap\u0131lan analizlerden elde edilecek sonu\u00e7lar\u0131n nas\u0131l do\u011frulanaca\u011f\u0131n\u0131 ve bu sonu\u00e7lar\u0131n nas\u0131l g\u00f6rsel bi\u00e7imde sunulaca\u011f\u0131n\u0131 aktarmay\u0131 ama\u00e7lam\u0131\u015ft\u0131r.<\/p>\n\n\n\n<p>\u00c7al\u0131\u015ftay; <a href=\"https:\/\/www.tbd.org.tr\/veri-bilimi-calisma-grubu\/\" target=\"_blank\" rel=\"noreferrer noopener\">T\u00fcrkiye Bili\u015fim Derne\u011fi \u0130stanbul \u015eubesi Veri Bilimi \u00c7al\u0131\u015fma Grubu<\/a>, <a href=\"http:\/\/www.tovak.org\/\" target=\"_blank\" rel=\"noreferrer noopener\">T\u00fcrkiye Toplum Hizmetleri Vakf\u0131 (TOVAK)<\/a> ve <a href=\"https:\/\/gelisim.edu.tr\/\" target=\"_blank\" rel=\"noreferrer noopener\">\u0130stanbul Geli\u015fim \u00dcniversitesi<\/a> i\u015fbirli\u011fi ile <a href=\"https:\/\/www.akademimarmaris.net\/\" target=\"_blank\" rel=\"noreferrer noopener\">TOVAK Uluslararas\u0131 Marmaris Akademisi<\/a>\u2018nde ger\u00e7ekle\u015ftirilecektir. 25 A\u011fustos 2019 Pazar (Giri\u015f) \u2013 1 Eyl\u00fcl 2019 Pazar (\u00c7\u0131k\u0131\u015f) tarihleri aras\u0131nda yap\u0131lacak \u00e7al\u0131\u015ftay \u00fccreti;<\/p>\n\n\n\n<ul class=\"wp-block-list\"><li>odalarda ki\u015fi ba\u015f\u0131 konaklama,<\/li><li>kahvalt\u0131, \u00f6\u011fle yeme\u011fi ve ak\u015fam yeme\u011fi,<\/li><li>hafta sonu (cumartesi g\u00fcn\u00fc) tekne gezisi,<\/li><li>gala (barbek\u00fc) gecesi<\/li><\/ul>\n\n\n\n<p>olmak \u00fczere toplam \u00fccret 2400TL\u2018dir.<\/p>\n\n\n\n<p>\u00c7al\u0131\u015ftaya ait <a href=\"https:\/\/verimadenciligi.tovak.org\/?page_id=741\" target=\"_blank\" rel=\"noreferrer noopener\">taslak program<\/a> yay\u0131nlanm\u0131\u015ft\u0131r. Bu y\u0131l \u00e7al\u0131\u015ftay\u0131n ilk g\u00fcn\u00fcn\u00fcn veri madencili\u011fi ve R programlama diline giri\u015f \u00fczerine olmas\u0131 planlanm\u0131\u015ft\u0131r. \u00c7al\u0131\u015ftay boyunca e\u011fitmenler, taslak programda belirtilen konu ba\u015fl\u0131klar\u0131 \u00e7er\u00e7evesinde \u00f6nemli algoritma ya da algoritmalar\u0131n teorisi hakk\u0131nda bilgi verecek, R dili ile uygulamas\u0131n\u0131 sekt\u00f6rel bir \u00f6rnek \u00fczerinden anlatacakt\u0131r. Kat\u0131l\u0131mc\u0131lar ise anlat\u0131lan \u00f6rnek uygulamay\u0131 kendi diz\u00fcst\u00fc bilgisayarlar\u0131nda ger\u00e7ekle\u015ftirme f\u0131rsat\u0131 bulacakt\u0131r. E\u011fitmenler \u00f6nc\u00fcl\u00fc\u011f\u00fcnde ger\u00e7ekle\u015ftirilecek grup \u00e7al\u0131\u015fmalar\u0131yla R programlama dilinde veri madencili\u011fi uygulamalar\u0131n\u0131n peki\u015ftirilmesi hedeflenmektedir. Ayr\u0131ca \u00e7al\u0131\u015ftayda, yapay zek\u00e2 konusuna f\u00fct\u00fcristik yakla\u015f\u0131mlar\u0131 \u00fczerine beyin f\u0131rt\u0131nas\u0131n\u0131n yap\u0131laca\u011f\u0131 bir yuvarlak masa toplant\u0131s\u0131 da d\u00fczenlenecektir. Ak\u015famlar\u0131, ilgilenen gruplar ile yapay zek\u00e2 ve yapay zek\u00e2n\u0131n gelece\u011fi konusunda f\u00fct\u00fcrist yakla\u015f\u0131mlarla ilgili sohbetler yap\u0131lacakt\u0131r.<\/p>\n\n\n\n<p>\u00c7al\u0131\u015ftay \u00f6n kay\u0131tlar\u0131 ba\u015flam\u0131\u015ft\u0131r. <a href=\"https:\/\/forms.gle\/jR7RBLLXFgw44MB1A\" target=\"_blank\" rel=\"noreferrer noopener\">\u00d6n kay\u0131t formu<\/a>nu doldurulduktan sonra <strong>\u00e7al\u0131\u015ftay kayd\u0131n\u0131n&nbsp;kesinle\u015fmesi<\/strong>, \u00e7al\u0131\u015ftay \u00fccretinin&nbsp;\u00f6dendi\u011fini g\u00f6steren dekontun <a href=\"mailto:vmyazokulu@gmail.com\" target=\"_blank\" rel=\"noreferrer noopener\">vmyazokulu@gmail.com<\/a>&nbsp;adresine g\u00f6nderilmesiyle ger\u00e7ekle\u015fecektir <strong>(15 May\u0131s 2019 tarihine kadar 500TL\u2019lik \u00f6n \u00f6demenin yap\u0131lmas\u0131 gerekmektedir).<\/strong><\/p>\n\n\n\n<p>\u00c7al\u0131\u015ftay ile ilgili daha detayl\u0131 bilgiye <a href=\"https:\/\/verimadenciligi.tovak.org\/\" target=\"_blank\" rel=\"noreferrer noopener\">https:\/\/verimadenciligi.tovak.org\/<\/a> adresinden ula\u015fabilirsiniz. Her t\u00fcrl\u00fc sorunuzu <a href=\"mailto:vmyazokulu@gmail.com\" target=\"_blank\" rel=\"noreferrer noopener\">vmyazokulu@gmail.com<\/a> adresine g\u00f6nderebilirsiniz.<\/p>\n\n\n\n<p>EK: <a href=\"https:\/\/verimadenciligi.tovak.org\/wp-content\/uploads\/2019\/04\/calistay19.png\" target=\"_blank\" rel=\"noreferrer noopener\">\u00c7al\u0131\u015ftay posteri<\/a><\/p>\n","protected":false},"excerpt":{"rendered":"<p>25 A\u011fustos \u2013 1 Eyl\u00fcl 2019, Turun\u00e7, Mu\u011flahttps:\/\/verimadenciligi.tovak.org\/ G\u00fcn\u00fcm\u00fczde yaln\u0131zca bilginin toplanmas\u0131, depolanmas\u0131 ve klasik sorgu y\u00f6ntemleri ile bu ilgilere ula\u015f\u0131lmas\u0131 yetmemektedir. Kamu ve \u00f6zel sekt\u00f6rde yer alan organizasyonlar\u0131n ellerinde bulunan b\u00fcy\u00fck veriden (big data) ileriye d\u00f6n\u00fck tahminlerde bulunmas\u0131, \u00e7\u0131kar\u0131m yapmay\u0131 sa\u011flayacak gizli \u00f6r\u00fcnt\u00fcleri elde edebilmesi \u00f6nem ta\u015f\u0131maktad\u0131r. Veri madencili\u011fi fazla miktardaki veri aras\u0131ndan i\u015fe [&hellip;]<\/p>\n","protected":false},"author":1,"featured_media":0,"comment_status":"closed","ping_status":"closed","sticky":false,"template":"","format":"standard","meta":{"footnotes":""},"categories":[5,7,6],"tags":[26,24,25,28,27,23,30,29,32,31,33,34],"class_list":["post-40","post","type-post","status-publish","format-standard","hentry","category-akademik-faaliyetler","category-makine-ogrenmesi","category-r","tag-birliktelik-analizleri","tag-calistay","tag-danismanli-ogrenme","tag-danismansiz-ogrenme","tag-kumeleme","tag-makine-ogrenmesi-2","tag-r","tag-rstudio","tag-siniflandirma","tag-veri-gorsellestirme","tag-veri-madenciligi","tag-yaz-okulu"],"_links":{"self":[{"href":"https:\/\/www.elifkartal.com\/index.php\/wp-json\/wp\/v2\/posts\/40","targetHints":{"allow":["GET"]}}],"collection":[{"href":"https:\/\/www.elifkartal.com\/index.php\/wp-json\/wp\/v2\/posts"}],"about":[{"href":"https:\/\/www.elifkartal.com\/index.php\/wp-json\/wp\/v2\/types\/post"}],"author":[{"embeddable":true,"href":"https:\/\/www.elifkartal.com\/index.php\/wp-json\/wp\/v2\/users\/1"}],"replies":[{"embeddable":true,"href":"https:\/\/www.elifkartal.com\/index.php\/wp-json\/wp\/v2\/comments?post=40"}],"version-history":[{"count":1,"href":"https:\/\/www.elifkartal.com\/index.php\/wp-json\/wp\/v2\/posts\/40\/revisions"}],"predecessor-version":[{"id":41,"href":"https:\/\/www.elifkartal.com\/index.php\/wp-json\/wp\/v2\/posts\/40\/revisions\/41"}],"wp:attachment":[{"href":"https:\/\/www.elifkartal.com\/index.php\/wp-json\/wp\/v2\/media?parent=40"}],"wp:term":[{"taxonomy":"category","embeddable":true,"href":"https:\/\/www.elifkartal.com\/index.php\/wp-json\/wp\/v2\/categories?post=40"},{"taxonomy":"post_tag","embeddable":true,"href":"https:\/\/www.elifkartal.com\/index.php\/wp-json\/wp\/v2\/tags?post=40"}],"curies":[{"name":"wp","href":"https:\/\/api.w.org\/{rel}","templated":true}]}}